{"id":2907,"date":"2019-12-14T10:38:21","date_gmt":"2019-12-14T09:38:21","guid":{"rendered":"http:\/\/30gon.pl\/?p=2907"},"modified":"2019-12-24T04:05:18","modified_gmt":"2019-12-24T03:05:18","slug":"asf-strefa-zolta-w-naszym-obwodzie-lowieckim","status":"publish","type":"post","link":"http:\/\/30gon.pl\/index.php\/2019\/12\/asf-strefa-zolta-w-naszym-obwodzie-lowieckim\/","title":{"rendered":"ASF- strefa \u017c\u00f3\u0142ta w naszym obwodzie \u0142owieckim"},"content":{"rendered":"\n<p>Na terenie Gminy Pszczew wprowadzono stref\u0119 \u017c\u00f3\u0142t\u0105 dot. strefy ASF! Oznacza to, \u017ce do momentu uruchomienia ch\u0142odni powiatowej na pozyskane dziki w tej strefie nie mo\u017cemy polowa\u0107. Ka\u017cdorazowo, przed podj\u0119ciem polowania prosimy kontakt z \u0142owczym ko\u0142a, w celu uzyskania najnowszych informacji dotycz\u0105cych ASF. Jak zostanie uruchomiona ch\u0142odnia do sk\u0142adowania pozyskanych dzik\u00f3w, niezw\u0142ocznie o tym fakcie poinformujemy. Na zwierzyn\u0119 p\u0142ow\u0105 mo\u017cna polowa\u0107!<\/p>\n\n\n\n<p>Prosimy \u015bledzi\u0107 informacje na temat ASF na stronie internetowej G\u0142\u00f3wnego Lekarza Weterynarii, Wojew\u00f3dzkiego Lekarza Weterynarii w Zielonej G\u00f3rze, Powiatowego Lekarza Weterynarii w Mi\u0119dzyrzeczu oraz informacji umieszczanych na stronie internetowej Gminy Pszczew, gdzie znajduje si\u0119 specjalna ulotka dotycz\u0105ca  post\u0119powania, w przypadku znalezienia pad\u0142ego dzika!<\/p>\n\n\n\n<p>Darz B\u00f3r!<\/p>\n\n\n\n<p>Za Zarz\u0105d Ko\u0142a- sekretarz ko\u0142a!<\/p>\n","protected":false},"excerpt":{"rendered":"<p>Na terenie Gminy Pszczew wprowadzono stref\u0119 \u017c\u00f3\u0142t\u0105 dot. strefy ASF! Oznacza to, \u017ce do momentu uruchomienia ch\u0142odni powiatowej na pozyskane dziki w tej strefie nie mo\u017cemy polowa\u0107. Ka\u017cdorazowo, przed podj\u0119ciem polowania prosimy kontakt z \u0142owczym ko\u0142a, w celu uzyskania najnowszych &hellip; <a href=\"http:\/\/30gon.pl\/index.php\/2019\/12\/asf-strefa-zolta-w-naszym-obwodzie-lowieckim\/\">Czytaj dalej <span class=\"meta-nav\">&rarr;<\/span><\/a><\/p>\n","protected":false},"author":2,"featured_media":0,"comment_status":"closed","ping_status":"closed","sticky":false,"template":"","format":"standard","meta":[],"categories":[1],"tags":[],"_links":{"self":[{"href":"http:\/\/30gon.pl\/index.php\/wp-json\/wp\/v2\/posts\/2907"}],"collection":[{"href":"http:\/\/30gon.pl\/index.php\/wp-json\/wp\/v2\/posts"}],"about":[{"href":"http:\/\/30gon.pl\/index.php\/wp-json\/wp\/v2\/types\/post"}],"author":[{"embeddable":true,"href":"http:\/\/30gon.pl\/index.php\/wp-json\/wp\/v2\/users\/2"}],"replies":[{"embeddable":true,"href":"http:\/\/30gon.pl\/index.php\/wp-json\/wp\/v2\/comments?post=2907"}],"version-history":[{"count":1,"href":"http:\/\/30gon.pl\/index.php\/wp-json\/wp\/v2\/posts\/2907\/revisions"}],"predecessor-version":[{"id":2908,"href":"http:\/\/30gon.pl\/index.php\/wp-json\/wp\/v2\/posts\/2907\/revisions\/2908"}],"wp:attachment":[{"href":"http:\/\/30gon.pl\/index.php\/wp-json\/wp\/v2\/media?parent=2907"}],"wp:term":[{"taxonomy":"category","embeddable":true,"href":"http:\/\/30gon.pl\/index.php\/wp-json\/wp\/v2\/categories?post=2907"},{"taxonomy":"post_tag","embeddable":true,"href":"http:\/\/30gon.pl\/index.php\/wp-json\/wp\/v2\/tags?post=2907"}],"curies":[{"name":"wp","href":"https:\/\/api.w.org\/{rel}","templated":true}]}}